{"id":3158,"date":"2023-03-07T09:29:06","date_gmt":"2023-03-07T08:29:06","guid":{"rendered":"https:\/\/www.uwg-kreisolpe.de\/site\/?p=3158"},"modified":"2023-03-07T09:32:13","modified_gmt":"2023-03-07T08:32:13","slug":"haushaltsrede-2023","status":"publish","type":"post","link":"https:\/\/www.uwg-kreisolpe.de\/site\/haushaltsrede-2023\/","title":{"rendered":"Haushaltsrede 2023"},"content":{"rendered":"<p><strong>Haushaltsrede Produktplan Kreis Olpe 2023<\/strong><strong><br \/>\nUWG-Fraktionsvorsitzender Meinolf Schmidt <\/strong><\/p>\n<p><strong>Es gilt das gesprochene Wort<\/strong><\/p>\n<p>Sehr geehrter Herr Landrat Melcher,<br \/>\nsehr geehrte Mitglieder des Kreistages,<br \/>\nsehr geehrte Damen und Herren,<\/p>\n<p>wir, und damit ist die gesamte kommunale Familie gemeint, stehen unter dem Einfluss der Krisen, die sich nicht abl\u00f6sen, sondern nahezu addieren. Die Covid-19-Pandemie, der russische Krieg gegen die Ukraine, die Energie- und Rohstoffkrise, unterbrochene Lieferketten, die derzeit hohe Inflation und nicht zuletzt die gro\u00dfen Herausforderungen des Klimawandels stellen uns vor gro\u00dfe Aufgaben und bergen finanzielle Risiken in ungeahnter H\u00f6he.<\/p>\n<p>Ich m\u00f6chte an dieser Stelle nicht Schwarzmalen, sondern vielmehr sollten wir uns an ein Zitat des Philosophen Karl Raimund Popper halten:<\/p>\n<p style=\"text-align: center;\"><strong><span style=\"color: #0000ff;\">\u201eOptimismus ist Pflicht.<br \/>\nMan muss sich auf die Dinge konzentrieren, die gemacht werden sollen<br \/>\nund f\u00fcr die man verantwortlich ist.\u201c<\/span><\/strong><\/p>\n<p>Meine Damen und Herren,<br \/>\nwenn wir dieses Zitat als Lesehilfe f\u00fcr den vorliegenden Haushalt benutzen,<br \/>\nwird deutlich, dass wir \u00fcber die bedeutsamsten Positionen selbst keine Verantwortlichkeit besitzen. Beispielhaft sei hier das Gemeindefinanzierungsgesetz, die Einhaltung des Konnexit\u00e4tsprinzips, die Landschaftsumlage, das stetige Ansteigen der sozialen Aufwendungen, st\u00e4ndig h\u00f6here Standards, erh\u00f6hte Aufwendungen f\u00fcr den \u00d6PNV und vieles weitere genannt. In der Summe ist dieses strukturelle Defizit zuk\u00fcnftig nur noch \u00fcber eine Erh\u00f6hung der Kreisumlage zu decken.<\/p>\n<p>Neben den pflichtigen Selbstverwaltungsaufgaben sind wir aber insbesondere f\u00fcr die Aufwendungen bei den freiwilligen Leistungen verantwortlich. Der diesj\u00e4hrige Schwerpunkt liegt offensichtlich bei der Sport- und Kulturf\u00f6rderung und unserer Meinung nach in einem angemessenen Kostenrahmen.<\/p>\n<p>Auch zeigen wir Verantwortung in Hinblick auf die Haushaltssituationen unserer Kommunen, indem wir erneut die Ausgleichsr\u00fccklage zum Teil einsetzen und auch unseren Haushalt mit Abschreibungen \u00fcber zwei Generationen nicht sch\u00f6nrechnen, sondern die Bilanzierungshilfe realistisch und in einem geringen Ma\u00df einsetzen.<\/p>\n<p>Im Hinblick auf zuk\u00fcnftige Haushalte m\u00fcssen wir uns im besonderen Ma\u00dfe auf die steigenden Personalkosten konzentrieren, welche durch den Einsatz der Digitalisierung wesentlich gesenkt werden k\u00f6nnten.<\/p>\n<p>Die Chancen der Digitalisierung werden derzeit absolut nicht ausgesch\u00f6pft. Es mangelt an zentralen Vorgaben und notwendigen Standards. Eine Vielzahl von Softwarepaketen und Schnittstellen verhindern zudem, dass die Aufgaben im Kreishaus effizienter erledigt werden k\u00f6nnen.<\/p>\n<p>Meine Damen und Herren,<br \/>\nauch wenn die aktuellen Rahmenbedingungen nicht einfach sind, sind wir der \u00dcberzeugung das ein ausgewogener und auch gemeindevertr\u00e4glicher Kreishaushalt vorliegt, dem wir seitens der UWG-Fraktion optimistisch zustimmen werden.<\/p>\n<p>Denn, nur durch Optimismus k\u00f6nnen in diesen schwierigen Zeiten neue Ideen und Innovationen entstehen.<\/p>\n<p>Ablehnen werden wir allerdings alle Antr\u00e4ge, die wie immer, zum Zeitpunkt der Haushaltserstellung nur aus politischen Gr\u00fcnden und ohne Beratung in den Aussch\u00fcssen gestellt wurden.<\/p>\n<p>Zum Schluss m\u00f6chte ich mich im Namen der UWG-Fraktion bei Herrn M\u00fcller und seinen Mitarbeiterinnen und Mitarbeitern der K\u00e4mmerei f\u00fcr die Aufstellung des Produktplans 2023 recht herzlich bedanken.<\/p>\n<p>Vielen Dank f\u00fcr Ihre Aufmerksamkeit!<\/p>\n","protected":false},"excerpt":{"rendered":"<p>Haushaltsrede Produktplan Kreis Olpe 2023 UWG-Fraktionsvorsitzender Meinolf Schmidt Es gilt das gesprochene Wort Sehr geehrter Herr Landrat Melcher, sehr geehrte [&hellip;]<\/p>\n","protected":false},"author":3,"featured_media":3157,"comment_status":"closed","ping_status":"open","sticky":false,"template":"","format":"standard","meta":[],"categories":[1],"tags":[],"cc_featured_image_caption":{"caption_text":"Foto : Nick Fewings \/ Unsplash\r\n  ","source_text":"","source_url":""},"_links":{"self":[{"href":"https:\/\/www.uwg-kreisolpe.de\/site\/wp-json\/wp\/v2\/posts\/3158"}],"collection":[{"href":"https:\/\/www.uwg-kreisolpe.de\/site\/wp-json\/wp\/v2\/posts"}],"about":[{"href":"https:\/\/www.uwg-kreisolpe.de\/site\/wp-json\/wp\/v2\/types\/post"}],"author":[{"embeddable":true,"href":"https:\/\/www.uwg-kreisolpe.de\/site\/wp-json\/wp\/v2\/users\/3"}],"replies":[{"embeddable":true,"href":"https:\/\/www.uwg-kreisolpe.de\/site\/wp-json\/wp\/v2\/comments?post=3158"}],"version-history":[{"count":6,"href":"https:\/\/www.uwg-kreisolpe.de\/site\/wp-json\/wp\/v2\/posts\/3158\/revisions"}],"predecessor-version":[{"id":3164,"href":"https:\/\/www.uwg-kreisolpe.de\/site\/wp-json\/wp\/v2\/posts\/3158\/revisions\/3164"}],"wp:featuredmedia":[{"embeddable":true,"href":"https:\/\/www.uwg-kreisolpe.de\/site\/wp-json\/wp\/v2\/media\/3157"}],"wp:attachment":[{"href":"https:\/\/www.uwg-kreisolpe.de\/site\/wp-json\/wp\/v2\/media?parent=3158"}],"wp:term":[{"taxonomy":"category","embeddable":true,"href":"https:\/\/www.uwg-kreisolpe.de\/site\/wp-json\/wp\/v2\/categories?post=3158"},{"taxonomy":"post_tag","embeddable":true,"href":"https:\/\/www.uwg-kreisolpe.de\/site\/wp-json\/wp\/v2\/tags?post=3158"}],"curies":[{"name":"wp","href":"https:\/\/api.w.org\/{rel}","templated":true}]}}